{"id":64,"date":"2015-11-18T16:18:02","date_gmt":"2015-11-18T15:18:02","guid":{"rendered":"http:\/\/www.avocat-vdb.be\/_new2015\/?p=64"},"modified":"2015-11-18T16:18:02","modified_gmt":"2015-11-18T15:18:02","slug":"projet-de-loi-du-20-07-2011-portant-creation-du-tribunal-de-la-famille-et-de-la-jeunesse","status":"publish","type":"post","link":"https:\/\/www.avocat-vdb.be\/fr\/projet-de-loi-du-20-07-2011-portant-creation-du-tribunal-de-la-famille-et-de-la-jeunesse\/","title":{"rendered":"Projet de loi du 20.07.2011 portant cr\u00e9ation du tribunal de la famille et de la jeunesse"},"content":{"rendered":"<p>La loi du 30.07.2013 portant cr\u00e9ation d&rsquo;un tribunal de la famille et de la jeunesse a \u00e9t\u00e9 publi\u00e9e au Moniteur belge du 27.09.2013.<\/p>\n<p>Composition du Tribunal de la famille<\/p>\n<p>Le tribunal de la famille et de la jeunesse sera une section du tribunal de 1\u00e8re instance, laquelle section sera divis\u00e9e en 3 sous-sections:<\/p>\n<ul>\n<li>le tribunal de la famille auquel seront soumis les litiges civils;<\/li>\n<li>le tribunal de la jeunesse auquel seront soumis les litiges protectionnels relatifs aux mineurs;<\/li>\n<li>une ou plusieurs chambre de r\u00e8glement amiable des litiges.<\/li>\n<\/ul>\n<p><strong>Comp\u00e9tences du Tribunal de la famille<\/strong><\/p>\n<p>Le tribunal de la famille sera comp\u00e9tent pour statuer sur les demandes:<\/p>\n<ul>\n<li>relatives \u00e0 l&rsquo;\u00e9tat des personnes;<\/li>\n<li>des \u00e9poux et des cohabitants l\u00e9gaux, relativement \u00e0 l&rsquo;exercice de leurs droits ou \u00e0 leurs biens<\/li>\n<li>relatives \u00e0 l&rsquo;autorit\u00e9 parentale;<\/li>\n<li>relatives \u00e0 l&rsquo;h\u00e9bergement des enfants mineurs;<\/li>\n<li>concernant les obligations alimentaires (\u00e0 l&rsquo;exclusion du R.I.S ou revenu d&rsquo;int\u00e9gration sociale);<\/li>\n<li>concernant les litiges ayant trait aux allocations familiales;<\/li>\n<li>relatives aux r\u00e9gimes matrimoniaux;<\/li>\n<li>relatives aux successions;<\/li>\n<li>relatives aux donations et au partages.<\/li>\n<\/ul>\n","protected":false},"excerpt":{"rendered":"<p>La loi du 30.07.2013 portant cr\u00e9ation d&rsquo;un tribunal de la famille et de la jeunesse a \u00e9t\u00e9 publi\u00e9e au Moniteur belge du 27.09.2013. Composition du Tribunal de la famille Le tribunal de la famille et de la jeunesse sera une section du tribunal de 1\u00e8re instance, laquelle section sera divis\u00e9e en 3 sous-sections: le tribunal [&hellip;]<\/p>\n","protected":false},"author":1,"featured_media":0,"comment_status":"open","ping_status":"open","sticky":false,"template":"","format":"standard","meta":{"_acf_changed":false,"footnotes":""},"categories":[1],"tags":[],"class_list":["post-64","post","type-post","status-publish","format-standard","hentry","category-mediation-familiale"],"acf":[],"_links":{"self":[{"href":"https:\/\/www.avocat-vdb.be\/fr\/wp-json\/wp\/v2\/posts\/64","targetHints":{"allow":["GET"]}}],"collection":[{"href":"https:\/\/www.avocat-vdb.be\/fr\/wp-json\/wp\/v2\/posts"}],"about":[{"href":"https:\/\/www.avocat-vdb.be\/fr\/wp-json\/wp\/v2\/types\/post"}],"author":[{"embeddable":true,"href":"https:\/\/www.avocat-vdb.be\/fr\/wp-json\/wp\/v2\/users\/1"}],"replies":[{"embeddable":true,"href":"https:\/\/www.avocat-vdb.be\/fr\/wp-json\/wp\/v2\/comments?post=64"}],"version-history":[{"count":1,"href":"https:\/\/www.avocat-vdb.be\/fr\/wp-json\/wp\/v2\/posts\/64\/revisions"}],"predecessor-version":[{"id":65,"href":"https:\/\/www.avocat-vdb.be\/fr\/wp-json\/wp\/v2\/posts\/64\/revisions\/65"}],"wp:attachment":[{"href":"https:\/\/www.avocat-vdb.be\/fr\/wp-json\/wp\/v2\/media?parent=64"}],"wp:term":[{"taxonomy":"category","embeddable":true,"href":"https:\/\/www.avocat-vdb.be\/fr\/wp-json\/wp\/v2\/categories?post=64"},{"taxonomy":"post_tag","embeddable":true,"href":"https:\/\/www.avocat-vdb.be\/fr\/wp-json\/wp\/v2\/tags?post=64"}],"curies":[{"name":"wp","href":"https:\/\/api.w.org\/{rel}","templated":true}]}}