{"id":1060,"date":"2026-03-11T17:39:23","date_gmt":"2026-03-11T16:39:23","guid":{"rendered":"https:\/\/www.avocat-vdb.be\/?p=1060"},"modified":"2026-03-11T17:40:09","modified_gmt":"2026-03-11T16:40:09","slug":"gestation-pour-autrui-gpa-en-belgique-le-cadre-juridique-en-2026","status":"publish","type":"post","link":"https:\/\/www.avocat-vdb.be\/fr\/gestation-pour-autrui-gpa-en-belgique-le-cadre-juridique-en-2026\/","title":{"rendered":"Gestation pour autrui (GPA) en Belgique : le cadre juridique en 2026"},"content":{"rendered":"<p>La GPA en Belgique reste non r\u00e9glement\u00e9e en 2026. Ma\u00eetre Van den Bossche, avocate en droit de la famille \u00e0 Bruxelles, explique le cadre juridique, la filiation, les risques et les \u00e9volutions r\u00e9centes.<\/p>\n<p><a href=\"https:\/\/www.avocat-vdb.be\/fr\/domaines-dintervention\/gestation-pour-autrui-gpa\/\"><strong>Voir le Guide<\/strong><\/a><\/p>\n<p>&nbsp;<\/p>\n","protected":false},"excerpt":{"rendered":"<p>La GPA en Belgique reste non r\u00e9glement\u00e9e en 2026. Ma\u00eetre Van den Bossche, avocate en droit de la famille \u00e0 Bruxelles, explique le cadre juridique, la filiation, les risques et les \u00e9volutions r\u00e9centes. Voir le Guide &nbsp;<\/p>\n","protected":false},"author":1,"featured_media":0,"comment_status":"open","ping_status":"open","sticky":false,"template":"","format":"standard","meta":{"_acf_changed":false,"footnotes":""},"categories":[45],"tags":[],"class_list":["post-1060","post","type-post","status-publish","format-standard","hentry","category-gpa"],"acf":[],"_links":{"self":[{"href":"https:\/\/www.avocat-vdb.be\/fr\/wp-json\/wp\/v2\/posts\/1060","targetHints":{"allow":["GET"]}}],"collection":[{"href":"https:\/\/www.avocat-vdb.be\/fr\/wp-json\/wp\/v2\/posts"}],"about":[{"href":"https:\/\/www.avocat-vdb.be\/fr\/wp-json\/wp\/v2\/types\/post"}],"author":[{"embeddable":true,"href":"https:\/\/www.avocat-vdb.be\/fr\/wp-json\/wp\/v2\/users\/1"}],"replies":[{"embeddable":true,"href":"https:\/\/www.avocat-vdb.be\/fr\/wp-json\/wp\/v2\/comments?post=1060"}],"version-history":[{"count":1,"href":"https:\/\/www.avocat-vdb.be\/fr\/wp-json\/wp\/v2\/posts\/1060\/revisions"}],"predecessor-version":[{"id":1061,"href":"https:\/\/www.avocat-vdb.be\/fr\/wp-json\/wp\/v2\/posts\/1060\/revisions\/1061"}],"wp:attachment":[{"href":"https:\/\/www.avocat-vdb.be\/fr\/wp-json\/wp\/v2\/media?parent=1060"}],"wp:term":[{"taxonomy":"category","embeddable":true,"href":"https:\/\/www.avocat-vdb.be\/fr\/wp-json\/wp\/v2\/categories?post=1060"},{"taxonomy":"post_tag","embeddable":true,"href":"https:\/\/www.avocat-vdb.be\/fr\/wp-json\/wp\/v2\/tags?post=1060"}],"curies":[{"name":"wp","href":"https:\/\/api.w.org\/{rel}","templated":true}]}}